{"id":184,"date":"2015-05-30T06:04:54","date_gmt":"2015-05-30T06:04:54","guid":{"rendered":"http:\/\/www.association-aldo.fr\/?p=184"},"modified":"2015-05-30T06:04:54","modified_gmt":"2015-05-30T06:04:54","slug":"la-culture-accessible-aux-personnes-atteintes-dautisme","status":"publish","type":"post","link":"https:\/\/www.association-aldo.fr\/?p=184","title":{"rendered":"La culture accessible aux personnes atteintes d&rsquo;autisme"},"content":{"rendered":"<p>Nous aimerions vous informer d&rsquo;un projet que nous menons \u00e0 l&rsquo;intention des enfants et adolescents autistes, \u00e0 \u00e9chelle nationale:\u00a0\u00bbAutisme &amp; Patrimoine\u00a0\u00bb<br \/>\nCe programme offre aux familles et fratries de jeunes autistes ainsi qu&rsquo;aux structures sp\u00e9cialis\u00e9es: un parcours de visite adapt\u00e9, des guides de visites et de pr\u00e9paration \u00e0 la visite con\u00e7us sur mesure, un livret- jeux, ainsi que la gratuit\u00e9 dans 6 sites patrimoniaux en France, dont  4 en r\u00e9gion Paca ( Ar\u00e8nes de N\u00eemes, Ch\u00e2teau des Baux-de-Provence, Th\u00e9\u00e2tre Antique d&rsquo;Orange,  Jardins de la villa Ephrussi de Rothschild \u00e0 Saint-Jean-Cap-Ferrat-Nice,  Cit\u00e9 de l&rsquo;Automobile et Cit\u00e9 du train \u00e0 Mulhouse ). Informations compl\u00e9mentaires sur: http:\/\/www.fondation-culturespaces.com\/fr\/projets\/autisme-patrimoine &nbsp; &nbsp;&nbsp;<br \/>\nAfin que le plus grand nombre d&rsquo;enfants et de familles touch\u00e9s par l&rsquo;autisme puissent b\u00e9n\u00e9ficier du projet, -notamment pendant les vacances d&rsquo;\u00e9t\u00e9-, serait-il possible de diffuser l&rsquo;information \u00e0 votre r\u00e9seau et aux groupes de parents?<br \/>\nJe reste \u00e0 votre disposition si vous souhaitez organiser une visite de groupe en juin \u00e0 la Villa Ephrussi de Rotshild par exemple.<br \/>\nJe vous remercie d&rsquo;avance pour votre retour.<br \/>\nA tr\u00e8s bient\u00f4t<br \/>\nCordialement<br \/>\nSophie Ferloni<\/p>\n<p>Coordinatrice du projet \u00ab\u00a0Autisme &amp; Patrimoine\u00a0\u00bb<\/p>\n<p>Fondation Culturespaces<\/p>\n","protected":false},"excerpt":{"rendered":"<p>Nous aimerions vous informer d&rsquo;un projet que nous menons \u00e0 l&rsquo;intention des enfants et adolescents autistes, \u00e0 \u00e9chelle nationale:\u00a0\u00bbAutisme &amp; Patrimoine\u00a0\u00bb Ce programme offre aux familles et fratries de jeunes autistes ainsi qu&rsquo;aux structures sp\u00e9cialis\u00e9es: un parcours de visite adapt\u00e9, des guides de visites et de pr\u00e9paration \u00e0 la visite con\u00e7us sur mesure, un livret- <a class=\"read-more\" href=\"https:\/\/www.association-aldo.fr\/?p=184\">[&hellip;]<\/a><\/p>\n","protected":false},"author":1,"featured_media":0,"comment_status":"open","ping_status":"open","sticky":false,"template":"","format":"standard","meta":{"jetpack_post_was_ever_published":false,"_jetpack_newsletter_access":"","_jetpack_dont_email_post_to_subs":false,"_jetpack_newsletter_tier_id":0,"_jetpack_memberships_contains_paywalled_content":false,"_jetpack_memberships_contains_paid_content":false,"footnotes":"","jetpack_publicize_message":"","jetpack_publicize_feature_enabled":true,"jetpack_social_post_already_shared":true,"jetpack_social_options":{"image_generator_settings":{"template":"highway","default_image_id":0,"font":"","enabled":false},"version":2}},"categories":[1],"tags":[],"class_list":["post-184","post","type-post","status-publish","format-standard","hentry","category-non-classe"],"jetpack_publicize_connections":[],"jetpack_featured_media_url":"","jetpack_sharing_enabled":true,"jetpack_shortlink":"https:\/\/wp.me\/p5wfJU-2Y","jetpack-related-posts":[],"_links":{"self":[{"href":"https:\/\/www.association-aldo.fr\/index.php?rest_route=\/wp\/v2\/posts\/184","targetHints":{"allow":["GET"]}}],"collection":[{"href":"https:\/\/www.association-aldo.fr\/index.php?rest_route=\/wp\/v2\/posts"}],"about":[{"href":"https:\/\/www.association-aldo.fr\/index.php?rest_route=\/wp\/v2\/types\/post"}],"author":[{"embeddable":true,"href":"https:\/\/www.association-aldo.fr\/index.php?rest_route=\/wp\/v2\/users\/1"}],"replies":[{"embeddable":true,"href":"https:\/\/www.association-aldo.fr\/index.php?rest_route=%2Fwp%2Fv2%2Fcomments&post=184"}],"version-history":[{"count":1,"href":"https:\/\/www.association-aldo.fr\/index.php?rest_route=\/wp\/v2\/posts\/184\/revisions"}],"predecessor-version":[{"id":185,"href":"https:\/\/www.association-aldo.fr\/index.php?rest_route=\/wp\/v2\/posts\/184\/revisions\/185"}],"wp:attachment":[{"href":"https:\/\/www.association-aldo.fr\/index.php?rest_route=%2Fwp%2Fv2%2Fmedia&parent=184"}],"wp:term":[{"taxonomy":"category","embeddable":true,"href":"https:\/\/www.association-aldo.fr\/index.php?rest_route=%2Fwp%2Fv2%2Fcategories&post=184"},{"taxonomy":"post_tag","embeddable":true,"href":"https:\/\/www.association-aldo.fr\/index.php?rest_route=%2Fwp%2Fv2%2Ftags&post=184"}],"curies":[{"name":"wp","href":"https:\/\/api.w.org\/{rel}","templated":true}]}}