{"id":600,"date":"2024-10-22T16:08:20","date_gmt":"2024-10-22T16:08:20","guid":{"rendered":"https:\/\/www.association-aldo.fr\/?p=600"},"modified":"2024-10-22T16:12:08","modified_gmt":"2024-10-22T16:12:08","slug":"autisme-diffusion","status":"publish","type":"post","link":"https:\/\/www.association-aldo.fr\/?p=600","title":{"rendered":"Autisme Diffusion"},"content":{"rendered":"\n<p>&nbsp;Sortie du livre L&rsquo;inclusion des autistes Asperger<\/p>\n\n\n\n<p><strong>Livraison gratuite d\u00e8s 75\u20ac d&rsquo;achats<\/strong>*Uniquement en France m\u00e9tropolitaine &amp; commandes en ligne<\/p>\n\n\n\n<p><strong>R\u00e9my Rouquette, en collaboration avec Guillaume Alemany et Dre Isabelle H\u00e9nault<\/strong><\/p>\n\n\n\n<figure class=\"wp-block-gallery has-nested-images columns-default is-cropped wp-block-gallery-1 is-layout-flex wp-block-gallery-is-layout-flex\">\n<figure class=\"wp-block-image size-large\"><a href=\"https:\/\/i0.wp.com\/www.association-aldo.fr\/wp-content\/uploads\/2024\/10\/9782381520100_MAIN.jpg?ssl=1\"><img data-recalc-dims=\"1\" loading=\"lazy\" decoding=\"async\" width=\"721\" height=\"1024\" data-attachment-id=\"601\" data-permalink=\"https:\/\/www.association-aldo.fr\/?attachment_id=601#main\" data-orig-file=\"https:\/\/i0.wp.com\/www.association-aldo.fr\/wp-content\/uploads\/2024\/10\/9782381520100_MAIN.jpg?fit=845%2C1200&amp;ssl=1\" data-orig-size=\"845,1200\" data-comments-opened=\"1\" data-image-meta=\"{&quot;aperture&quot;:&quot;0&quot;,&quot;credit&quot;:&quot;&quot;,&quot;camera&quot;:&quot;&quot;,&quot;caption&quot;:&quot;&quot;,&quot;created_timestamp&quot;:&quot;0&quot;,&quot;copyright&quot;:&quot;&quot;,&quot;focal_length&quot;:&quot;0&quot;,&quot;iso&quot;:&quot;0&quot;,&quot;shutter_speed&quot;:&quot;0&quot;,&quot;title&quot;:&quot;COUVERTUREinclusiondesautistes&quot;,&quot;orientation&quot;:&quot;1&quot;}\" data-image-title=\"COUVERTUREinclusiondesautistes\" data-image-description=\"\" data-image-caption=\"\" data-large-file=\"https:\/\/i0.wp.com\/www.association-aldo.fr\/wp-content\/uploads\/2024\/10\/9782381520100_MAIN.jpg?fit=721%2C1024&amp;ssl=1\" data-id=\"601\" src=\"https:\/\/i0.wp.com\/www.association-aldo.fr\/wp-content\/uploads\/2024\/10\/9782381520100_MAIN.jpg?resize=721%2C1024&#038;ssl=1\" alt=\"\" class=\"wp-image-601\" srcset=\"https:\/\/i0.wp.com\/www.association-aldo.fr\/wp-content\/uploads\/2024\/10\/9782381520100_MAIN.jpg?resize=721%2C1024&amp;ssl=1 721w, https:\/\/i0.wp.com\/www.association-aldo.fr\/wp-content\/uploads\/2024\/10\/9782381520100_MAIN.jpg?resize=211%2C300&amp;ssl=1 211w, https:\/\/i0.wp.com\/www.association-aldo.fr\/wp-content\/uploads\/2024\/10\/9782381520100_MAIN.jpg?resize=768%2C1091&amp;ssl=1 768w, https:\/\/i0.wp.com\/www.association-aldo.fr\/wp-content\/uploads\/2024\/10\/9782381520100_MAIN.jpg?w=845&amp;ssl=1 845w\" sizes=\"auto, (max-width: 721px) 100vw, 721px\" \/><\/a><\/figure>\n<\/figure>\n\n\n\n<p><strong>L&rsquo;inclusion dans la vie personnelle et sociale :<\/strong>\u00a0Les associations, les codes sociaux, les clich\u00e9s r\u00e9pandus sur l&rsquo;autisme, les hypersensibilit\u00e9s, la confiance en soi et des solutions pour faciliter l&rsquo;inclusion des personnes autistes dans la soci\u00e9t\u00e9.<strong>Autod\u00e9termination<\/strong>\u00a0: les caract\u00e9ristiques des personnes autistes Asperger, l&rsquo;autonomie, les strat\u00e9gies \u00e9ducatives et les outils efficaces.<strong>Le monde \u00e9ducatif et l&rsquo;univers professionnel\u00a0<\/strong>: Les plans \u00ab\u00a0autisme\u00a0\u00bb, la scolarisation &amp; l&#8217;employabilit\u00e9.<a href=\"https:\/\/link.autismediffusion.com\/c\/443\/4a4ee263e13801fee603c01b530281825bd32c24aa04335eabc9b72279a2463cca5f1aa49e5edb96\" target=\"_blank\" rel=\"noreferrer noopener\">Je d\u00e9couvre<\/a><\/p>\n","protected":false},"excerpt":{"rendered":"<p>&nbsp;Sortie du livre L&rsquo;inclusion des autistes Asperger Livraison gratuite d\u00e8s 75\u20ac d&rsquo;achats*Uniquement en France m\u00e9tropolitaine &amp; commandes en ligne R\u00e9my Rouquette, en collaboration avec Guillaume Alemany et Dre Isabelle H\u00e9nault L&rsquo;inclusion dans la vie personnelle et sociale :\u00a0Les associations, les codes sociaux, les clich\u00e9s r\u00e9pandus sur l&rsquo;autisme, les hypersensibilit\u00e9s, la confiance en soi et des <a class=\"read-more\" href=\"https:\/\/www.association-aldo.fr\/?p=600\">[&hellip;]<\/a><\/p>\n","protected":false},"author":1,"featured_media":0,"comment_status":"open","ping_status":"open","sticky":false,"template":"","format":"standard","meta":{"jetpack_post_was_ever_published":false,"_jetpack_newsletter_access":"","_jetpack_dont_email_post_to_subs":false,"_jetpack_newsletter_tier_id":0,"_jetpack_memberships_contains_paywalled_content":false,"_jetpack_memberships_contains_paid_content":false,"footnotes":"","jetpack_publicize_message":"","jetpack_publicize_feature_enabled":true,"jetpack_social_post_already_shared":true,"jetpack_social_options":{"image_generator_settings":{"template":"highway","default_image_id":0,"font":"","enabled":false},"version":2}},"categories":[1],"tags":[],"class_list":["post-600","post","type-post","status-publish","format-standard","hentry","category-non-classe"],"jetpack_publicize_connections":[],"jetpack_featured_media_url":"","jetpack_sharing_enabled":true,"jetpack_shortlink":"https:\/\/wp.me\/p5wfJU-9G","jetpack-related-posts":[],"_links":{"self":[{"href":"https:\/\/www.association-aldo.fr\/index.php?rest_route=\/wp\/v2\/posts\/600","targetHints":{"allow":["GET"]}}],"collection":[{"href":"https:\/\/www.association-aldo.fr\/index.php?rest_route=\/wp\/v2\/posts"}],"about":[{"href":"https:\/\/www.association-aldo.fr\/index.php?rest_route=\/wp\/v2\/types\/post"}],"author":[{"embeddable":true,"href":"https:\/\/www.association-aldo.fr\/index.php?rest_route=\/wp\/v2\/users\/1"}],"replies":[{"embeddable":true,"href":"https:\/\/www.association-aldo.fr\/index.php?rest_route=%2Fwp%2Fv2%2Fcomments&post=600"}],"version-history":[{"count":3,"href":"https:\/\/www.association-aldo.fr\/index.php?rest_route=\/wp\/v2\/posts\/600\/revisions"}],"predecessor-version":[{"id":604,"href":"https:\/\/www.association-aldo.fr\/index.php?rest_route=\/wp\/v2\/posts\/600\/revisions\/604"}],"wp:attachment":[{"href":"https:\/\/www.association-aldo.fr\/index.php?rest_route=%2Fwp%2Fv2%2Fmedia&parent=600"}],"wp:term":[{"taxonomy":"category","embeddable":true,"href":"https:\/\/www.association-aldo.fr\/index.php?rest_route=%2Fwp%2Fv2%2Fcategories&post=600"},{"taxonomy":"post_tag","embeddable":true,"href":"https:\/\/www.association-aldo.fr\/index.php?rest_route=%2Fwp%2Fv2%2Ftags&post=600"}],"curies":[{"name":"wp","href":"https:\/\/api.w.org\/{rel}","templated":true}]}}