{"id":625,"date":"2025-12-14T10:07:09","date_gmt":"2025-12-14T10:07:09","guid":{"rendered":"https:\/\/www.association-aldo.fr\/?p=625"},"modified":"2025-12-14T10:07:09","modified_gmt":"2025-12-14T10:07:09","slug":"un-grand-merci-aux-genereux-donateurs","status":"publish","type":"post","link":"https:\/\/www.association-aldo.fr\/?p=625","title":{"rendered":"Un grand merci aux g\u00e9n\u00e9reux donateurs"},"content":{"rendered":"\n<p>Mesdames,<\/p>\n\n\n\n<p>Nous tenons \u00e0 vous remercier et au-del\u00e0 remercier tous les membres de votre association pour le soutien que vous apportez aux r\u00e9sidents accueillis au sein de la Maison d\u2019Accueil Sp\u00e9cialis\u00e9e l\u2019Oustaou.<\/p>\n\n\n\n<p>Cette ann\u00e9e, les r\u00e9sidents b\u00e9n\u00e9ficient d\u2019un go\u00fbter de No\u00ebl, de ballotins de chocolat, de sapins de no\u00ebl et d\u2019un petit cadeau individuel offert par l\u2019Association \u00ab&nbsp;Un Autre Regard&nbsp;\u00bb et l\u2019Association \u00ab&nbsp;ALDO&nbsp;\u00bb.<\/p>\n\n\n\n<p>Cet \u00e9lan de g\u00e9n\u00e9rosit\u00e9 est remarquable..<\/p>\n\n\n\n<p>Conscients du travail en amont que cela vous demande, nous tenions \u00e0 vous remercier sinc\u00e8rement de votre implication et du soutien ainsi apport\u00e9.<\/p>\n\n\n\n<p>Un grand merci \u00e0 toutes les personnes qui vous accompagnent dans votre d\u00e9marche&nbsp;!!!&nbsp;<\/p>\n\n\n\n<p>Bien \u00e0 vous<\/p>\n\n\n\n<figure class=\"wp-block-image size-full\"><a href=\"https:\/\/i0.wp.com\/www.association-aldo.fr\/wp-content\/uploads\/2025\/12\/image007.jpg?ssl=1\"><img data-recalc-dims=\"1\" loading=\"lazy\" decoding=\"async\" width=\"375\" height=\"134\" data-attachment-id=\"626\" data-permalink=\"https:\/\/www.association-aldo.fr\/?attachment_id=626#main\" data-orig-file=\"https:\/\/i0.wp.com\/www.association-aldo.fr\/wp-content\/uploads\/2025\/12\/image007.jpg?fit=375%2C134&amp;ssl=1\" data-orig-size=\"375,134\" data-comments-opened=\"1\" data-image-meta=\"{&quot;aperture&quot;:&quot;0&quot;,&quot;credit&quot;:&quot;&quot;,&quot;camera&quot;:&quot;&quot;,&quot;caption&quot;:&quot;&quot;,&quot;created_timestamp&quot;:&quot;0&quot;,&quot;copyright&quot;:&quot;&quot;,&quot;focal_length&quot;:&quot;0&quot;,&quot;iso&quot;:&quot;0&quot;,&quot;shutter_speed&quot;:&quot;0&quot;,&quot;title&quot;:&quot;&quot;,&quot;orientation&quot;:&quot;0&quot;}\" data-image-title=\"image007\" data-image-description=\"\" data-image-caption=\"\" data-large-file=\"https:\/\/i0.wp.com\/www.association-aldo.fr\/wp-content\/uploads\/2025\/12\/image007.jpg?fit=375%2C134&amp;ssl=1\" src=\"https:\/\/i0.wp.com\/www.association-aldo.fr\/wp-content\/uploads\/2025\/12\/image007.jpg?resize=375%2C134&#038;ssl=1\" alt=\"\" class=\"wp-image-626\" srcset=\"https:\/\/i0.wp.com\/www.association-aldo.fr\/wp-content\/uploads\/2025\/12\/image007.jpg?w=375&amp;ssl=1 375w, https:\/\/i0.wp.com\/www.association-aldo.fr\/wp-content\/uploads\/2025\/12\/image007.jpg?resize=300%2C107&amp;ssl=1 300w\" sizes=\"auto, (max-width: 375px) 100vw, 375px\" \/><\/a><\/figure>\n","protected":false},"excerpt":{"rendered":"<p>Mesdames, Nous tenons \u00e0 vous remercier et au-del\u00e0 remercier tous les membres de votre association pour le soutien que vous apportez aux r\u00e9sidents accueillis au sein de la Maison d\u2019Accueil Sp\u00e9cialis\u00e9e l\u2019Oustaou. Cette ann\u00e9e, les r\u00e9sidents b\u00e9n\u00e9ficient d\u2019un go\u00fbter de No\u00ebl, de ballotins de chocolat, de sapins de no\u00ebl et d\u2019un petit cadeau individuel offert <a class=\"read-more\" href=\"https:\/\/www.association-aldo.fr\/?p=625\">[&hellip;]<\/a><\/p>\n","protected":false},"author":1,"featured_media":0,"comment_status":"open","ping_status":"open","sticky":false,"template":"","format":"standard","meta":{"jetpack_post_was_ever_published":false,"_jetpack_newsletter_access":"","_jetpack_dont_email_post_to_subs":false,"_jetpack_newsletter_tier_id":0,"_jetpack_memberships_contains_paywalled_content":false,"_jetpack_memberships_contains_paid_content":false,"footnotes":"","jetpack_publicize_message":"","jetpack_publicize_feature_enabled":true,"jetpack_social_post_already_shared":true,"jetpack_social_options":{"image_generator_settings":{"template":"highway","default_image_id":0,"font":"","enabled":false},"version":2}},"categories":[1],"tags":[],"class_list":["post-625","post","type-post","status-publish","format-standard","hentry","category-non-classe"],"jetpack_publicize_connections":[],"jetpack_featured_media_url":"","jetpack_sharing_enabled":true,"jetpack_shortlink":"https:\/\/wp.me\/p5wfJU-a5","jetpack-related-posts":[],"_links":{"self":[{"href":"https:\/\/www.association-aldo.fr\/index.php?rest_route=\/wp\/v2\/posts\/625","targetHints":{"allow":["GET"]}}],"collection":[{"href":"https:\/\/www.association-aldo.fr\/index.php?rest_route=\/wp\/v2\/posts"}],"about":[{"href":"https:\/\/www.association-aldo.fr\/index.php?rest_route=\/wp\/v2\/types\/post"}],"author":[{"embeddable":true,"href":"https:\/\/www.association-aldo.fr\/index.php?rest_route=\/wp\/v2\/users\/1"}],"replies":[{"embeddable":true,"href":"https:\/\/www.association-aldo.fr\/index.php?rest_route=%2Fwp%2Fv2%2Fcomments&post=625"}],"version-history":[{"count":1,"href":"https:\/\/www.association-aldo.fr\/index.php?rest_route=\/wp\/v2\/posts\/625\/revisions"}],"predecessor-version":[{"id":627,"href":"https:\/\/www.association-aldo.fr\/index.php?rest_route=\/wp\/v2\/posts\/625\/revisions\/627"}],"wp:attachment":[{"href":"https:\/\/www.association-aldo.fr\/index.php?rest_route=%2Fwp%2Fv2%2Fmedia&parent=625"}],"wp:term":[{"taxonomy":"category","embeddable":true,"href":"https:\/\/www.association-aldo.fr\/index.php?rest_route=%2Fwp%2Fv2%2Fcategories&post=625"},{"taxonomy":"post_tag","embeddable":true,"href":"https:\/\/www.association-aldo.fr\/index.php?rest_route=%2Fwp%2Fv2%2Ftags&post=625"}],"curies":[{"name":"wp","href":"https:\/\/api.w.org\/{rel}","templated":true}]}}